{"id":5235,"date":"2023-08-28T20:52:39","date_gmt":"2023-08-28T20:52:39","guid":{"rendered":"https:\/\/www.sgwla.de\/?p=5235"},"modified":"2023-11-07T09:56:53","modified_gmt":"2023-11-07T09:56:53","slug":"hochlandlauf-mit-prominenz-dresden","status":"publish","type":"post","link":"https:\/\/www.sgwla.de\/index.php\/2023\/08\/28\/hochlandlauf-mit-prominenz-dresden\/","title":{"rendered":"Hochlandlauf mit Prominenz"},"content":{"rendered":"<p><strong>Schirmherrin des diesj\u00e4hrigen Hochlandlaufs ist die Deutsche Meisterin im Ultramarathon.<\/strong><\/p>\n<p>Am 3. September l\u00e4dt die SG Wei\u00dfig zum dritten Volkslauf durch das herrliche Sch\u00f6nfelder Hochland. Sebastian Plotz, Abteilungsleiter Leichtathletik, kann zufrieden sein &#8211; der Lauf entwickelt sich zur festen Adresse im Laufsport-Kalender.<\/p>\n<p>Zum dritten Mal steht er im Kalender \u2013 ins Leben gerufen wurde er erstaunlicher Weise mitten zu Corona-Zeiten und er war damit sogar einer der wenigen L\u00e4ufe, die \u00fcberhaupt stattfanden. Locker will er daher sein \u2013 f\u00fcr Kinder, Jugendliche, Freizeitl\u00e4ufer und Sportler und er will ein Gesicht haben: Denn der Hochlandlauf hat immer einen Schirmherren.<\/p>\n<p>Dieses Jahr ist es Beate Bonnaire, Deutsche Meisterin im Ultramarathon. Sie ist die bisher schnellste Frau im Marathon\/ Halbmarathon in Sachsen in ihrer Altersklasse. Auf die Frage von Organisator Sebastian Plotz \u201eBeate, was war dein sch\u00f6nster Wettkampf, unabh\u00e4ngig vom Ergebnis?\u201c, antwortet die sympathische Sportlerin: der Marathon du Medoc mit Laufgruppe \u201eHirschruf und Ehemann\u201c, der l\u00e4ngste und am\u00fcsanteste Marathon und der Froschlauf bei Bautzen.<\/p>\n<p>Laufen ist Leben, ist ihr Motto, Laufen muss Spa\u00df machen. Das denken sich auch so prominente Starter wie Marc Schulze aus der deutschen Nationalmannschaft, der dabei sein wird (TIPP: laufszene-events.com\/blog\/laufszene-events\/27-fragen-an-marc-schulze).<\/p>\n<p>Angeboten werden Jedermann-Strecken, eine gr\u00f6\u00dfere \u00fcber 10 Kilometer und eine unter 10 Kilometer, dazu Kinderl\u00e4ufe \u00fcber 500 Meter f\u00fcr Kids unter 6 Jahren. Jeder bekommt eine Finisher-Medaille \u2013 dank Sponsor M4 Energie. Auch da die Sportgemeinschaft den Anreiz erh\u00f6ht. Au\u00dferdem hat die SG Wei\u00dfig die Ortschaften dazugeholt \u2013 die Feuerwehr Sch\u00f6nfeld und die B\u00fcrgervereine Eschdorf-Schullwitz.<\/p>\n<p>Einen Tag zuvor feiert der Gasthof Wei\u00dfig sein 120-j\u00e4hriges Jubil\u00e4um.<\/p>\n<p>Stabhochsprung ist hier zu Hause<\/p>\n<p>Lasse Dornbusch, im letzten Jahr U16-Sieger, wird diesmal als Streckenposten des Vereins vor Ort sein, genauso wie Katharina Grubitzsch. Die junge Dame wirft \u00fcbrigens lieber Speer als l\u00e4ngere Strecken zu laufen. Eine Leidenschaft, die beide teilen. Aber gef\u00f6rdert wird alles: Springen, werfen, laufen. Denn bis 16 Jahre wird vielseitig trainiert.<\/p>\n<p>Mit 12 bis 14 Jahren l\u00e4sst sich schwer sagen, in welche Disziplin es junge Athleten einmal besonders zieht, daf\u00fcr m\u00fcsse man noch den letzten Wachstumsschub abwarten, sagt Sebastian Plotz. Er ist selbst begeisterter Stabhochspringer, eine Sparte, die die Wei\u00dfiger in Sachsen nur mit wenigen anderen anbieten. Das zweite Mal in Folge hat Wei\u00dfig den Landemeister gestellt.<\/p>\n<p>Vier aktive Landesmeister sind hier im Training. Auch bei den Kindern geht die SG Wei\u00dfig voran. Am 24. September findet hier wieder die Cup-Serie Kinder-Leichtathletik statt. Vielleicht finden sich da gleich noch ein paar Laufinteressierte f\u00fcr den 3. September.<\/p>\n<p>Anmelden kann man sich noch am Tag oder sonst \u00fcber die Homepage des Vereins. Bei etwa 400 Teilnehmern d\u00fcrfte man dieses Jahr landen, sch\u00e4tzt Sebastian Plotz. Mehr als 500, 600 Starter sollen es bei einem regionalen Lauf nicht sein, schlie\u00dflich muss das Ganze schaffbar sein und die Startgeb\u00fchren sollen moderat bleiben. Ein Ereignis eben, das im Sch\u00f6nfelder Hochland einen festen Platz im Kalender hat.<\/p>\n<p>www.hochlandlauf.de<br \/>\nQuelle: https:\/\/www.wochenkurier.info\/dresden\/artikel\/hochlandlauf-mit-prominenz<br \/>\n<img decoding=\"async\" width=\"300\" height=\"141\" class=\"alignnone size-medium wp-image-5236\" src=\"http:\/\/www.sgwla.de\/wp-content\/uploads\/2023\/08\/kf8uhuhp-300x141.png\" alt=\"\" srcset=\"https:\/\/www.sgwla.de\/wp-content\/uploads\/2023\/08\/kf8uhuhp-300x141.png 300w, https:\/\/www.sgwla.de\/wp-content\/uploads\/2023\/08\/kf8uhuhp-1024x480.png 1024w, https:\/\/www.sgwla.de\/wp-content\/uploads\/2023\/08\/kf8uhuhp-768x360.png 768w, https:\/\/www.sgwla.de\/wp-content\/uploads\/2023\/08\/kf8uhuhp-958x449.png 958w, https:\/\/www.sgwla.de\/wp-content\/uploads\/2023\/08\/kf8uhuhp.png 1280w\" sizes=\"(max-width: 300px) 100vw, 300px\" \/><\/p>\n","protected":false},"excerpt":{"rendered":"<p>Schirmherrin des diesj\u00e4hrigen Hochlandlaufs ist die Deutsche Meisterin im Ultramarathon. Am 3. September l\u00e4dt die SG Wei\u00dfig zum dritten Volkslauf durch das herrliche Sch\u00f6nfelder Hochland. Sebastian Plotz, Abteilungsleiter Leichtathletik, kann zufrieden sein &#8211; der Lauf entwickelt sich zur festen Adresse im Laufsport-Kalender. Zum dritten Mal steht er im Kalender \u2013 ins Leben gerufen wurde er [&hellip;]<\/p>\n","protected":false},"author":1,"featured_media":5236,"comment_status":"open","ping_status":"open","sticky":false,"template":"","format":"standard","meta":{"give_campaign_id":0,"cybocfi_hide_featured_image":"","footnotes":""},"categories":[126,1],"tags":[166],"class_list":["post-5235","post","type-post","status-publish","format-standard","has-post-thumbnail","hentry","category-berichte","category-uncategorized","tag-hochlandlauf"],"meta_box":{"imic_strict_no_header":"","imic_page_topbar_show":"","imic_page_specific_header":"","imic_page_logo_image":[],"imic_page_retina_logo_image":[],"imic_page_retina_logo_image_width":"","imic_page_retina_logo_image_height":"","imic_page_layout":"","imic_content_width":"","imic_content_padding_top":"","imic_content_padding_bottom":"","imic_pages_body_bg_color":"","imic_pages_body_bg_image":[],"imic_pages_body_bg_wide":"","imic_pages_body_bg_repeat":"","imic_pages_content_bg_color":"","imic_pages_content_bg_image":[],"imic_pages_content_bg_wide":"","imic_pages_content_bg_repeat":"","imic_page_header_show":"","imic_pages_Choose_slider_display":"0","imic_header_image":[],"imic_pages_select_revolution_from_list":"[rev_slider alias=\\\"newslider2014\\\"]","imic_pages_select_smart_from_list":"","imic_pages_slider_height":"","imic_pages_slider_image":[],"imic_pages_slider_auto_slide":"yes","imic_pages_slider_speed":"","imic_pages_slider_pagination":"yes","imic_pages_slider_direction_arrows":"yes","imic_pages_slider_effects":"fade","imic_pages_banner_color":"","imic_pages_breadcrumb_show":"","imic_pages_title_show":"","imic_pages_banner_bg_color":"","imic_post_page_custom_title":"","imic_pages_banner_text_color":"","imic_pages_title_alignment":"","imic_page_social_share":"","imic_select_sidebar_from_list":"","imic_select_sidebar_position":"","imic_post_custom_description":""},"_links":{"self":[{"href":"https:\/\/www.sgwla.de\/index.php\/wp-json\/wp\/v2\/posts\/5235","targetHints":{"allow":["GET"]}}],"collection":[{"href":"https:\/\/www.sgwla.de\/index.php\/wp-json\/wp\/v2\/posts"}],"about":[{"href":"https:\/\/www.sgwla.de\/index.php\/wp-json\/wp\/v2\/types\/post"}],"author":[{"embeddable":true,"href":"https:\/\/www.sgwla.de\/index.php\/wp-json\/wp\/v2\/users\/1"}],"replies":[{"embeddable":true,"href":"https:\/\/www.sgwla.de\/index.php\/wp-json\/wp\/v2\/comments?post=5235"}],"version-history":[{"count":4,"href":"https:\/\/www.sgwla.de\/index.php\/wp-json\/wp\/v2\/posts\/5235\/revisions"}],"predecessor-version":[{"id":5245,"href":"https:\/\/www.sgwla.de\/index.php\/wp-json\/wp\/v2\/posts\/5235\/revisions\/5245"}],"wp:featuredmedia":[{"embeddable":true,"href":"https:\/\/www.sgwla.de\/index.php\/wp-json\/wp\/v2\/media\/5236"}],"wp:attachment":[{"href":"https:\/\/www.sgwla.de\/index.php\/wp-json\/wp\/v2\/media?parent=5235"}],"wp:term":[{"taxonomy":"category","embeddable":true,"href":"https:\/\/www.sgwla.de\/index.php\/wp-json\/wp\/v2\/categories?post=5235"},{"taxonomy":"post_tag","embeddable":true,"href":"https:\/\/www.sgwla.de\/index.php\/wp-json\/wp\/v2\/tags?post=5235"}],"curies":[{"name":"wp","href":"https:\/\/api.w.org\/{rel}","templated":true}]}}