{"id":4883,"date":"2022-06-26T12:44:40","date_gmt":"2022-06-26T12:44:40","guid":{"rendered":"https:\/\/www.sgwla.de\/?p=4883"},"modified":"2022-06-26T12:52:44","modified_gmt":"2022-06-26T12:52:44","slug":"abendsportfest-am-1-6-2022-in-pirna-mit-10-koepfiger-mannschaft-dabei","status":"publish","type":"post","link":"https:\/\/www.sgwla.de\/index.php\/2022\/06\/26\/abendsportfest-am-1-6-2022-in-pirna-mit-10-koepfiger-mannschaft-dabei\/","title":{"rendered":"Abendsportfest am 1.6.2022 in Pirna mit 10-k\u00f6pfiger Mannschaft dabei"},"content":{"rendered":"<p class=\"x_MsoNormal\">Nach der langen Wettkampfpause durch die Pandemie stand das Abendsportfest in Pirna an. 10 Athleten aus verschiedenen Trainingsgruppen waren am Start.<\/p>\n<p class=\"x_MsoNormal\">In den j\u00fcngeren Jahrg\u00e4ngen U14 nahmen insgesamt 7 Sportler am Mehrkampf Lauf oder Sprint\/Sprung teil. Hier ist Vielseitigkeit gefragt, so sind im Mehrkampf Sprint\/Sprung unter anderem 60m-H\u00fcrdenlauf dabei. F\u00fcr einige Athleten der erste Wettkampf in dieser Disziplin.<\/p>\n<p class=\"x_MsoNormal\">Simon Schubert konnte sich \u00fcber Platz 2 freuen. Siege in den Altersklassen errangen Eric Ketzmerick \u00fcber 2.000m, Joselyn Henze \u00fcber 2.000m. Helge Scheithauer erk\u00e4mpfte im Mehrkampf Lauf den 3. Platz, Marvin Heide den 4. Platz. Die M\u00e4dchen der U14 konnten in ihrem ersten Mehrkampf-Wettkampf die Pl\u00e4tze 6 (Amy Sch\u00e4fer), 7 (Greta Scheithauer) und 10 (Mathilda Jakob) erreichen.<\/p>\n<p>Herzlichen Gl\u00fcckwunsch an alle!<\/p>\n<p>&nbsp;<\/p>\n[ngg src=&#8220;galleries&#8220; ids=&#8220;26&#8243; display=&#8220;basic_thumbnail&#8220; thumbnail_crop=&#8220;0&#8243;]\n","protected":false},"excerpt":{"rendered":"<p>Nach der langen Wettkampfpause durch die Pandemie stand das Abendsportfest in Pirna an. 10 Athleten aus verschiedenen Trainingsgruppen waren am Start. In den j\u00fcngeren Jahrg\u00e4ngen U14 nahmen insgesamt 7 Sportler am Mehrkampf Lauf oder Sprint\/Sprung teil. Hier ist Vielseitigkeit gefragt, so sind im Mehrkampf Sprint\/Sprung unter anderem 60m-H\u00fcrdenlauf dabei. F\u00fcr einige Athleten der erste Wettkampf [&hellip;]<\/p>\n","protected":false},"author":1,"featured_media":4884,"comment_status":"open","ping_status":"open","sticky":false,"template":"","format":"standard","meta":{"give_campaign_id":0,"cybocfi_hide_featured_image":"yes","footnotes":""},"categories":[126],"tags":[],"class_list":["post-4883","post","type-post","status-publish","format-standard","has-post-thumbnail","hentry","category-berichte"],"meta_box":{"imic_strict_no_header":"","imic_page_topbar_show":"","imic_page_specific_header":"","imic_page_logo_image":[],"imic_page_retina_logo_image":[],"imic_page_retina_logo_image_width":"","imic_page_retina_logo_image_height":"","imic_page_layout":"","imic_content_width":"","imic_content_padding_top":"","imic_content_padding_bottom":"","imic_pages_body_bg_color":"","imic_pages_body_bg_image":[],"imic_pages_body_bg_wide":"","imic_pages_body_bg_repeat":"","imic_pages_content_bg_color":"","imic_pages_content_bg_image":[],"imic_pages_content_bg_wide":"","imic_pages_content_bg_repeat":"","imic_page_header_show":"","imic_pages_Choose_slider_display":"0","imic_header_image":[],"imic_pages_select_revolution_from_list":"[rev_slider alias=\\\"newslider2014\\\"]","imic_pages_select_smart_from_list":"","imic_pages_slider_height":"","imic_pages_slider_image":[],"imic_pages_slider_auto_slide":"yes","imic_pages_slider_speed":"","imic_pages_slider_pagination":"yes","imic_pages_slider_direction_arrows":"yes","imic_pages_slider_effects":"fade","imic_pages_banner_color":"","imic_pages_breadcrumb_show":"","imic_pages_title_show":"","imic_pages_banner_bg_color":"","imic_post_page_custom_title":"","imic_pages_banner_text_color":"","imic_pages_title_alignment":"","imic_page_social_share":"","imic_select_sidebar_from_list":"","imic_select_sidebar_position":"","imic_post_custom_description":""},"_links":{"self":[{"href":"https:\/\/www.sgwla.de\/index.php\/wp-json\/wp\/v2\/posts\/4883","targetHints":{"allow":["GET"]}}],"collection":[{"href":"https:\/\/www.sgwla.de\/index.php\/wp-json\/wp\/v2\/posts"}],"about":[{"href":"https:\/\/www.sgwla.de\/index.php\/wp-json\/wp\/v2\/types\/post"}],"author":[{"embeddable":true,"href":"https:\/\/www.sgwla.de\/index.php\/wp-json\/wp\/v2\/users\/1"}],"replies":[{"embeddable":true,"href":"https:\/\/www.sgwla.de\/index.php\/wp-json\/wp\/v2\/comments?post=4883"}],"version-history":[{"count":2,"href":"https:\/\/www.sgwla.de\/index.php\/wp-json\/wp\/v2\/posts\/4883\/revisions"}],"predecessor-version":[{"id":4893,"href":"https:\/\/www.sgwla.de\/index.php\/wp-json\/wp\/v2\/posts\/4883\/revisions\/4893"}],"wp:featuredmedia":[{"embeddable":true,"href":"https:\/\/www.sgwla.de\/index.php\/wp-json\/wp\/v2\/media\/4884"}],"wp:attachment":[{"href":"https:\/\/www.sgwla.de\/index.php\/wp-json\/wp\/v2\/media?parent=4883"}],"wp:term":[{"taxonomy":"category","embeddable":true,"href":"https:\/\/www.sgwla.de\/index.php\/wp-json\/wp\/v2\/categories?post=4883"},{"taxonomy":"post_tag","embeddable":true,"href":"https:\/\/www.sgwla.de\/index.php\/wp-json\/wp\/v2\/tags?post=4883"}],"curies":[{"name":"wp","href":"https:\/\/api.w.org\/{rel}","templated":true}]}}